{"id":801,"date":"2025-10-20T00:50:44","date_gmt":"2025-10-19T22:50:44","guid":{"rendered":"https:\/\/www.een.sk\/?p=801"},"modified":"2026-03-07T12:24:56","modified_gmt":"2026-03-07T11:24:56","slug":"slovenske-sklo-putuje-z-ruk-dizajnerskych-majstrov-do-celeho-sveta","status":"publish","type":"post","link":"https:\/\/www.een.sk\/en\/slovenske-sklo-putuje-z-ruk-dizajnerskych-majstrov-do-celeho-sveta","title":{"rendered":"Slovensk\u00e9 sklo putuje z\u00a0r\u00fak dizajn\u00e9rskych majstrov do cel\u00e9ho sveta"},"content":{"rendered":"<p>Skl\u00e1rne <a href=\"https:\/\/www.rona.glass\/sk\/\" target=\"_blank\" rel=\"noreferrer noopener\">RONA<\/a> s\u00fa jedn\u00fdm z popredn\u00fdch svetov\u00fdch v\u00fdrobcov bezolovnat\u00e9ho kri\u0161tal\u00ednov\u00e9ho skla, ako n\u00e1pojov\u00fdch poh\u00e1rov, riadu a dekorat\u00edvnych predmetov, ktor\u00e9 by nemalo ch\u00fdba\u0165 v\u00a0\u017eiadnej dom\u00e1cnosti ani re\u0161taur\u00e1cii. \u00dastredie ako aj v\u00fdrobn\u00fd z\u00e1vod sa nach\u00e1dzaj\u00fa v Lednick\u00fdch Rovniach, kde boli zalo\u017een\u00e9 v\u00a0roku 1892 firmou Schreiber &amp; Neffen. V\u010faka \u0161ikovnosti skl\u00e1rskych majstrov a\u00a0v\u00fdnimo\u010dnej kvalite si v\u00fdrobky r\u00fdchlo z\u00edskali medzin\u00e1rodn\u00fa prest\u00ed\u017e. V s\u00fa\u010dasnosti sa firma so 125 ro\u010dnou hist\u00f3riou m\u00f4\u017ee p\u00fd\u0161i\u0165 silnou exportnou poz\u00edciou, kvalifikovan\u00fdm person\u00e1lom a \u0161pi\u010dkovou technol\u00f3giou zameranou na udr\u017eate\u013en\u00fd a ekologick\u00fd v\u00fdrobn\u00fd proces.\u00a0<\/p>\n\n\n\n<figure class=\"wp-block-image size-full\"><img fetchpriority=\"high\" decoding=\"async\" width=\"1200\" height=\"628\" src=\"https:\/\/www.een.sk\/wp-content\/uploads\/2025\/10\/euo4b2020-social-media-statique-1200x628-sk-rona.jpg\" alt=\"\" class=\"wp-image-802\" srcset=\"https:\/\/www.een.sk\/wp-content\/uploads\/2025\/10\/euo4b2020-social-media-statique-1200x628-sk-rona.jpg 1200w, https:\/\/www.een.sk\/wp-content\/uploads\/2025\/10\/euo4b2020-social-media-statique-1200x628-sk-rona-300x157.jpg 300w, https:\/\/www.een.sk\/wp-content\/uploads\/2025\/10\/euo4b2020-social-media-statique-1200x628-sk-rona-1024x536.jpg 1024w, https:\/\/www.een.sk\/wp-content\/uploads\/2025\/10\/euo4b2020-social-media-statique-1200x628-sk-rona-768x402.jpg 768w, https:\/\/www.een.sk\/wp-content\/uploads\/2025\/10\/euo4b2020-social-media-statique-1200x628-sk-rona-18x9.jpg 18w\" sizes=\"(max-width: 1200px) 100vw, 1200px\" \/><\/figure>\n\n\n\n<p><strong>Sie\u0165 Enterprise Europe Network pomohla s pr\u00edstupom k nov\u00fdm partnerom<\/strong><\/p>\n\n\n\n<p>Napriek medzin\u00e1rodn\u00fdm \u00faspechom firma neust\u00e1le h\u013ead\u00e1 nov\u00e9 pr\u00edle\u017eitosti spolupr\u00e1ce na zahrani\u010dn\u00fdch trhoch. Z&nbsp;tohto d\u00f4vodu obchodn\u00fd mana\u017e\u00e9r firmy oslovil <a href=\"http:\/\/web.sopk.sk\/\" target=\"_blank\" rel=\"noreferrer noopener\">Slovensk\u00fa obchodn\u00fa a&nbsp;priemyseln\u00fa komoru<\/a>, ako jedn\u00e9ho z&nbsp;partnerov siete Enterprise Europe Network na Slovensku, so \u017eiados\u0165ou o&nbsp;konzult\u00e1cie oh\u013eadom medzin\u00e1rodn\u00e9ho poradenstva. Experti Enterprise Europe Network poskytli spolo\u010dnosti RONA poradensk\u00e9 slu\u017eby v&nbsp;oblasti vstupu na nov\u00e9 trhy nielen v E\u00da, ale aj celosvetovo. Okrem odborn\u00fdch konzult\u00e1ci\u00ed na t\u00e9my colnej legislat\u00edvy E\u00da, \u0161tandardov a certifik\u00e1tov na v\u00fdvoz sklen\u00fdch v\u00fdrobkov a konzult\u00e1ci\u00ed oh\u013eadom exportu do zahrani\u010dia, partneri siete EEN firme pon\u00fakli aj uverejnenie koopera\u010dn\u00e9ho profilu v <a href=\"http:\/\/www.een.sk\/en\/POD\/\">Datab\u00e1ze obchodn\u00fdch pr\u00edle\u017eitost\u00ed<\/a>, vedenej sie\u0165ou Enterprise Europe Network. Datab\u00e1za sprostredk\u00fava takmer 5000 obchodn\u00fdch a&nbsp;projektov\u00fdch pon\u00fak pre spolupr\u00e1cu, pri\u010dom na dan\u00e9 ponuky reaguj\u00fa r\u00f4zne zahrani\u010dn\u00e9 spolo\u010dnosti so z\u00e1ujmom o&nbsp;sprostredkovanie kontaktu.&nbsp;<\/p>\n\n\n\n<figure class=\"wp-block-image size-full\"><img decoding=\"async\" width=\"1920\" height=\"1040\" src=\"https:\/\/www.een.sk\/wp-content\/uploads\/2025\/10\/painting-and-color-spraying-rona-glass.jpg\" alt=\"\" class=\"wp-image-803\" srcset=\"https:\/\/www.een.sk\/wp-content\/uploads\/2025\/10\/painting-and-color-spraying-rona-glass.jpg 1920w, https:\/\/www.een.sk\/wp-content\/uploads\/2025\/10\/painting-and-color-spraying-rona-glass-300x163.jpg 300w, https:\/\/www.een.sk\/wp-content\/uploads\/2025\/10\/painting-and-color-spraying-rona-glass-1024x555.jpg 1024w, https:\/\/www.een.sk\/wp-content\/uploads\/2025\/10\/painting-and-color-spraying-rona-glass-768x416.jpg 768w, https:\/\/www.een.sk\/wp-content\/uploads\/2025\/10\/painting-and-color-spraying-rona-glass-1536x832.jpg 1536w, https:\/\/www.een.sk\/wp-content\/uploads\/2025\/10\/painting-and-color-spraying-rona-glass-18x10.jpg 18w\" sizes=\"(max-width: 1920px) 100vw, 1920px\" \/><\/figure>\n\n\n\n<p><strong>Spolupr\u00e1ca s expertmi na\u010falej pokra\u010duje<\/strong><\/p>\n\n\n\n<p>V\u010faka jednej z&nbsp;najv\u00e4\u010d\u0161\u00edch online datab\u00e1z v Eur\u00f3pe prejavilo z\u00e1ujem o spolupr\u00e1cu so slovenskou firmou v kr\u00e1tkom \u010dase takmer desa\u0165 zahrani\u010dn\u00fdch spolo\u010dnost\u00ed, \u010d\u00edm firma RONA z\u00edskala pr\u00edstup k nov\u00fdm obchodn\u00fdm partnerom na nov\u00fdch trhoch, a t\u00fdm aj v\u00e4\u010d\u0161iu konkurencieschopnos\u0165 na Jednotnom trhu.<\/p>\n\n\n\n<p>Ak chcete dost\u00e1va\u0165 inform\u00e1cie o&nbsp;novink\u00e1ch, podujatiach Enterprise Europe Network, semin\u00e1roch a&nbsp;pod., zaregistrujte sa na str\u00e1nke <a href=\"https:\/\/www.een.sk\/en\/user\/register\/\" target=\"_blank\" rel=\"noreferrer noopener\">www.een.sk<\/a>.<\/p>","protected":false},"excerpt":{"rendered":"<p>Skl\u00e1rne RONA s\u00fa jedn\u00fdm z popredn\u00fdch svetov\u00fdch v\u00fdrobcov bezolovnat\u00e9ho kri\u0161tal\u00ednov\u00e9ho skla, ako n\u00e1pojov\u00fdch poh\u00e1rov, riadu a dekorat\u00edvnych predmetov, ktor\u00e9 by nemalo ch\u00fdba\u0165 v\u00a0\u017eiadnej dom\u00e1cnosti ani re\u0161taur\u00e1cii. \u00dastredie ako aj v\u00fdrobn\u00fd [&hellip;]<\/p>","protected":false},"author":1,"featured_media":802,"comment_status":"closed","ping_status":"closed","sticky":false,"template":"","format":"standard","meta":{"jetpack_post_was_ever_published":false,"_jetpack_newsletter_access":"","_jetpack_dont_email_post_to_subs":false,"_jetpack_newsletter_tier_id":0,"_jetpack_memberships_contains_paywalled_content":false,"_jetpack_memberships_contains_paid_content":false,"footnotes":""},"categories":[10],"tags":[],"class_list":["post-801","post","type-post","status-publish","format-standard","has-post-thumbnail","hentry","category-success-stories"],"yoast_head":"<!-- This site is optimized with the Yoast SEO plugin v26.0 - https:\/\/yoast.com\/wordpress\/plugins\/seo\/ -->\n<title>Slovensk\u00e9 sklo putuje z\u00a0r\u00fak dizajn\u00e9rskych majstrov do cel\u00e9ho sveta - Enterprise Europe Network<\/title>\n<meta name=\"robots\" content=\"index, follow, max-snippet:-1, max-image-preview:large, max-video-preview:-1\" \/>\n<link rel=\"canonical\" href=\"https:\/\/www.een.sk\/en\/slovenske-sklo-putuje-z-ruk-dizajnerskych-majstrov-do-celeho-sveta\/\" \/>\n<meta property=\"og:locale\" content=\"en_GB\" \/>\n<meta property=\"og:type\" content=\"article\" \/>\n<meta property=\"og:title\" content=\"Slovensk\u00e9 sklo putuje z\u00a0r\u00fak dizajn\u00e9rskych majstrov do cel\u00e9ho sveta - Enterprise Europe Network\" \/>\n<meta property=\"og:description\" content=\"Skl\u00e1rne RONA s\u00fa jedn\u00fdm z popredn\u00fdch svetov\u00fdch v\u00fdrobcov bezolovnat\u00e9ho kri\u0161tal\u00ednov\u00e9ho skla, ako n\u00e1pojov\u00fdch poh\u00e1rov, riadu a dekorat\u00edvnych predmetov, ktor\u00e9 by nemalo ch\u00fdba\u0165 v\u00a0\u017eiadnej dom\u00e1cnosti ani re\u0161taur\u00e1cii. \u00dastredie ako aj v\u00fdrobn\u00fd [&hellip;]\" \/>\n<meta property=\"og:url\" content=\"https:\/\/www.een.sk\/en\/slovenske-sklo-putuje-z-ruk-dizajnerskych-majstrov-do-celeho-sveta\/\" \/>\n<meta property=\"og:site_name\" content=\"Enterprise Europe Network\" \/>\n<meta property=\"article:published_time\" content=\"2025-10-19T22:50:44+00:00\" \/>\n<meta property=\"article:modified_time\" content=\"2026-03-07T11:24:56+00:00\" \/>\n<meta property=\"og:image\" content=\"https:\/\/www.een.sk\/wp-content\/uploads\/2025\/10\/euo4b2020-social-media-statique-1200x628-sk-rona.jpg\" \/>\n\t<meta property=\"og:image:width\" content=\"1200\" \/>\n\t<meta property=\"og:image:height\" content=\"628\" \/>\n\t<meta property=\"og:image:type\" content=\"image\/jpeg\" \/>\n<meta name=\"author\" content=\"IcraInside\" \/>\n<meta name=\"twitter:card\" content=\"summary_large_image\" \/>\n<meta name=\"twitter:label1\" content=\"Written by\" \/>\n\t<meta name=\"twitter:data1\" content=\"IcraInside\" \/>\n\t<meta name=\"twitter:label2\" content=\"Estimated reading time\" \/>\n\t<meta name=\"twitter:data2\" content=\"3 minutes\" \/>\n<script type=\"application\/ld+json\" class=\"yoast-schema-graph\">{\"@context\":\"https:\/\/schema.org\",\"@graph\":[{\"@type\":\"Article\",\"@id\":\"https:\/\/www.een.sk\/slovenske-sklo-putuje-z-ruk-dizajnerskych-majstrov-do-celeho-sveta#article\",\"isPartOf\":{\"@id\":\"https:\/\/www.een.sk\/slovenske-sklo-putuje-z-ruk-dizajnerskych-majstrov-do-celeho-sveta\"},\"author\":{\"name\":\"IcraInside\",\"@id\":\"https:\/\/www.een.sk\/#\/schema\/person\/4b12815a6fb9a584bf460e044b2c07d2\"},\"headline\":\"Slovensk\u00e9 sklo putuje z\u00a0r\u00fak dizajn\u00e9rskych majstrov do cel\u00e9ho sveta\",\"datePublished\":\"2025-10-19T22:50:44+00:00\",\"dateModified\":\"2026-03-07T11:24:56+00:00\",\"mainEntityOfPage\":{\"@id\":\"https:\/\/www.een.sk\/slovenske-sklo-putuje-z-ruk-dizajnerskych-majstrov-do-celeho-sveta\"},\"wordCount\":426,\"publisher\":{\"@id\":\"https:\/\/www.een.sk\/#organization\"},\"image\":{\"@id\":\"https:\/\/www.een.sk\/slovenske-sklo-putuje-z-ruk-dizajnerskych-majstrov-do-celeho-sveta#primaryimage\"},\"thumbnailUrl\":\"https:\/\/www.een.sk\/wp-content\/uploads\/2025\/10\/euo4b2020-social-media-statique-1200x628-sk-rona.jpg\",\"articleSection\":[\"Success Stories\"],\"inLanguage\":\"en-GB\"},{\"@type\":\"WebPage\",\"@id\":\"https:\/\/www.een.sk\/slovenske-sklo-putuje-z-ruk-dizajnerskych-majstrov-do-celeho-sveta\",\"url\":\"https:\/\/www.een.sk\/slovenske-sklo-putuje-z-ruk-dizajnerskych-majstrov-do-celeho-sveta\",\"name\":\"Slovensk\u00e9 sklo putuje z\u00a0r\u00fak dizajn\u00e9rskych majstrov do cel\u00e9ho sveta - Enterprise Europe Network\",\"isPartOf\":{\"@id\":\"https:\/\/www.een.sk\/#website\"},\"primaryImageOfPage\":{\"@id\":\"https:\/\/www.een.sk\/slovenske-sklo-putuje-z-ruk-dizajnerskych-majstrov-do-celeho-sveta#primaryimage\"},\"image\":{\"@id\":\"https:\/\/www.een.sk\/slovenske-sklo-putuje-z-ruk-dizajnerskych-majstrov-do-celeho-sveta#primaryimage\"},\"thumbnailUrl\":\"https:\/\/www.een.sk\/wp-content\/uploads\/2025\/10\/euo4b2020-social-media-statique-1200x628-sk-rona.jpg\",\"datePublished\":\"2025-10-19T22:50:44+00:00\",\"dateModified\":\"2026-03-07T11:24:56+00:00\",\"breadcrumb\":{\"@id\":\"https:\/\/www.een.sk\/slovenske-sklo-putuje-z-ruk-dizajnerskych-majstrov-do-celeho-sveta#breadcrumb\"},\"inLanguage\":\"en-GB\",\"potentialAction\":[{\"@type\":\"ReadAction\",\"target\":[\"https:\/\/www.een.sk\/slovenske-sklo-putuje-z-ruk-dizajnerskych-majstrov-do-celeho-sveta\"]}]},{\"@type\":\"ImageObject\",\"inLanguage\":\"en-GB\",\"@id\":\"https:\/\/www.een.sk\/slovenske-sklo-putuje-z-ruk-dizajnerskych-majstrov-do-celeho-sveta#primaryimage\",\"url\":\"https:\/\/www.een.sk\/wp-content\/uploads\/2025\/10\/euo4b2020-social-media-statique-1200x628-sk-rona.jpg\",\"contentUrl\":\"https:\/\/www.een.sk\/wp-content\/uploads\/2025\/10\/euo4b2020-social-media-statique-1200x628-sk-rona.jpg\",\"width\":1200,\"height\":628},{\"@type\":\"BreadcrumbList\",\"@id\":\"https:\/\/www.een.sk\/slovenske-sklo-putuje-z-ruk-dizajnerskych-majstrov-do-celeho-sveta#breadcrumb\",\"itemListElement\":[{\"@type\":\"ListItem\",\"position\":1,\"name\":\"Domovsk\u00e1 str\u00e1nka\",\"item\":\"https:\/\/www.een.sk\/\"},{\"@type\":\"ListItem\",\"position\":2,\"name\":\"Slovensk\u00e9 sklo putuje z\u00a0r\u00fak dizajn\u00e9rskych majstrov do cel\u00e9ho sveta\"}]},{\"@type\":\"WebSite\",\"@id\":\"https:\/\/www.een.sk\/#website\",\"url\":\"https:\/\/www.een.sk\/\",\"name\":\"Enterprise Europe Network\",\"description\":\"Pom\u00e1hame V\u00e1m inovova\u0165 a medzin\u00e1rodne r\u00e1s\u0165\",\"publisher\":{\"@id\":\"https:\/\/www.een.sk\/#organization\"},\"potentialAction\":[{\"@type\":\"SearchAction\",\"target\":{\"@type\":\"EntryPoint\",\"urlTemplate\":\"https:\/\/www.een.sk\/?s={search_term_string}\"},\"query-input\":{\"@type\":\"PropertyValueSpecification\",\"valueRequired\":true,\"valueName\":\"search_term_string\"}}],\"inLanguage\":\"en-GB\"},{\"@type\":\"Organization\",\"@id\":\"https:\/\/www.een.sk\/#organization\",\"name\":\"Enterprise Europe Network\",\"url\":\"https:\/\/www.een.sk\/\",\"logo\":{\"@type\":\"ImageObject\",\"inLanguage\":\"en-GB\",\"@id\":\"https:\/\/www.een.sk\/#\/schema\/logo\/image\/\",\"url\":\"https:\/\/www.een.sk\/wp-content\/uploads\/2025\/10\/EEN.png\",\"contentUrl\":\"https:\/\/www.een.sk\/wp-content\/uploads\/2025\/10\/EEN.png\",\"width\":851,\"height\":300,\"caption\":\"Enterprise Europe Network\"},\"image\":{\"@id\":\"https:\/\/www.een.sk\/#\/schema\/logo\/image\/\"}},{\"@type\":\"Person\",\"@id\":\"https:\/\/www.een.sk\/#\/schema\/person\/4b12815a6fb9a584bf460e044b2c07d2\",\"name\":\"IcraInside\",\"image\":{\"@type\":\"ImageObject\",\"inLanguage\":\"en-GB\",\"@id\":\"https:\/\/www.een.sk\/#\/schema\/person\/image\/\",\"url\":\"https:\/\/secure.gravatar.com\/avatar\/e5d68c27e8999f1479df6d2a382bb7a2f036270436c04ef7347c69057e627dd0?s=96&d=mm&r=g\",\"contentUrl\":\"https:\/\/secure.gravatar.com\/avatar\/e5d68c27e8999f1479df6d2a382bb7a2f036270436c04ef7347c69057e627dd0?s=96&d=mm&r=g\",\"caption\":\"IcraInside\"},\"sameAs\":[\"https:\/\/www.een.sk\"],\"url\":\"https:\/\/www.een.sk\/en\/author\/icrainside\"}]}<\/script>\n<!-- \/ Yoast SEO plugin. -->","yoast_head_json":{"title":"Slovensk\u00e9 sklo putuje z\u00a0r\u00fak dizajn\u00e9rskych majstrov do cel\u00e9ho sveta - Enterprise Europe Network","robots":{"index":"index","follow":"follow","max-snippet":"max-snippet:-1","max-image-preview":"max-image-preview:large","max-video-preview":"max-video-preview:-1"},"canonical":"https:\/\/www.een.sk\/en\/slovenske-sklo-putuje-z-ruk-dizajnerskych-majstrov-do-celeho-sveta\/","og_locale":"en_GB","og_type":"article","og_title":"Slovensk\u00e9 sklo putuje z\u00a0r\u00fak dizajn\u00e9rskych majstrov do cel\u00e9ho sveta - Enterprise Europe Network","og_description":"Skl\u00e1rne RONA s\u00fa jedn\u00fdm z popredn\u00fdch svetov\u00fdch v\u00fdrobcov bezolovnat\u00e9ho kri\u0161tal\u00ednov\u00e9ho skla, ako n\u00e1pojov\u00fdch poh\u00e1rov, riadu a dekorat\u00edvnych predmetov, ktor\u00e9 by nemalo ch\u00fdba\u0165 v\u00a0\u017eiadnej dom\u00e1cnosti ani re\u0161taur\u00e1cii. \u00dastredie ako aj v\u00fdrobn\u00fd [&hellip;]","og_url":"https:\/\/www.een.sk\/en\/slovenske-sklo-putuje-z-ruk-dizajnerskych-majstrov-do-celeho-sveta\/","og_site_name":"Enterprise Europe Network","article_published_time":"2025-10-19T22:50:44+00:00","article_modified_time":"2026-03-07T11:24:56+00:00","og_image":[{"width":1200,"height":628,"url":"https:\/\/www.een.sk\/wp-content\/uploads\/2025\/10\/euo4b2020-social-media-statique-1200x628-sk-rona.jpg","type":"image\/jpeg"}],"author":"IcraInside","twitter_card":"summary_large_image","twitter_misc":{"Written by":"IcraInside","Estimated reading time":"3 minutes"},"schema":{"@context":"https:\/\/schema.org","@graph":[{"@type":"Article","@id":"https:\/\/www.een.sk\/slovenske-sklo-putuje-z-ruk-dizajnerskych-majstrov-do-celeho-sveta#article","isPartOf":{"@id":"https:\/\/www.een.sk\/slovenske-sklo-putuje-z-ruk-dizajnerskych-majstrov-do-celeho-sveta"},"author":{"name":"IcraInside","@id":"https:\/\/www.een.sk\/#\/schema\/person\/4b12815a6fb9a584bf460e044b2c07d2"},"headline":"Slovensk\u00e9 sklo putuje z\u00a0r\u00fak dizajn\u00e9rskych majstrov do cel\u00e9ho sveta","datePublished":"2025-10-19T22:50:44+00:00","dateModified":"2026-03-07T11:24:56+00:00","mainEntityOfPage":{"@id":"https:\/\/www.een.sk\/slovenske-sklo-putuje-z-ruk-dizajnerskych-majstrov-do-celeho-sveta"},"wordCount":426,"publisher":{"@id":"https:\/\/www.een.sk\/#organization"},"image":{"@id":"https:\/\/www.een.sk\/slovenske-sklo-putuje-z-ruk-dizajnerskych-majstrov-do-celeho-sveta#primaryimage"},"thumbnailUrl":"https:\/\/www.een.sk\/wp-content\/uploads\/2025\/10\/euo4b2020-social-media-statique-1200x628-sk-rona.jpg","articleSection":["Success Stories"],"inLanguage":"en-GB"},{"@type":"WebPage","@id":"https:\/\/www.een.sk\/slovenske-sklo-putuje-z-ruk-dizajnerskych-majstrov-do-celeho-sveta","url":"https:\/\/www.een.sk\/slovenske-sklo-putuje-z-ruk-dizajnerskych-majstrov-do-celeho-sveta","name":"Slovensk\u00e9 sklo putuje z\u00a0r\u00fak dizajn\u00e9rskych majstrov do cel\u00e9ho sveta - Enterprise Europe Network","isPartOf":{"@id":"https:\/\/www.een.sk\/#website"},"primaryImageOfPage":{"@id":"https:\/\/www.een.sk\/slovenske-sklo-putuje-z-ruk-dizajnerskych-majstrov-do-celeho-sveta#primaryimage"},"image":{"@id":"https:\/\/www.een.sk\/slovenske-sklo-putuje-z-ruk-dizajnerskych-majstrov-do-celeho-sveta#primaryimage"},"thumbnailUrl":"https:\/\/www.een.sk\/wp-content\/uploads\/2025\/10\/euo4b2020-social-media-statique-1200x628-sk-rona.jpg","datePublished":"2025-10-19T22:50:44+00:00","dateModified":"2026-03-07T11:24:56+00:00","breadcrumb":{"@id":"https:\/\/www.een.sk\/slovenske-sklo-putuje-z-ruk-dizajnerskych-majstrov-do-celeho-sveta#breadcrumb"},"inLanguage":"en-GB","potentialAction":[{"@type":"ReadAction","target":["https:\/\/www.een.sk\/slovenske-sklo-putuje-z-ruk-dizajnerskych-majstrov-do-celeho-sveta"]}]},{"@type":"ImageObject","inLanguage":"en-GB","@id":"https:\/\/www.een.sk\/slovenske-sklo-putuje-z-ruk-dizajnerskych-majstrov-do-celeho-sveta#primaryimage","url":"https:\/\/www.een.sk\/wp-content\/uploads\/2025\/10\/euo4b2020-social-media-statique-1200x628-sk-rona.jpg","contentUrl":"https:\/\/www.een.sk\/wp-content\/uploads\/2025\/10\/euo4b2020-social-media-statique-1200x628-sk-rona.jpg","width":1200,"height":628},{"@type":"BreadcrumbList","@id":"https:\/\/www.een.sk\/slovenske-sklo-putuje-z-ruk-dizajnerskych-majstrov-do-celeho-sveta#breadcrumb","itemListElement":[{"@type":"ListItem","position":1,"name":"Domovsk\u00e1 str\u00e1nka","item":"https:\/\/www.een.sk\/"},{"@type":"ListItem","position":2,"name":"Slovensk\u00e9 sklo putuje z\u00a0r\u00fak dizajn\u00e9rskych majstrov do cel\u00e9ho sveta"}]},{"@type":"WebSite","@id":"https:\/\/www.een.sk\/#website","url":"https:\/\/www.een.sk\/","name":"Enterprise Europe Network","description":"Pom\u00e1hame V\u00e1m inovova\u0165 a medzin\u00e1rodne r\u00e1s\u0165","publisher":{"@id":"https:\/\/www.een.sk\/#organization"},"potentialAction":[{"@type":"SearchAction","target":{"@type":"EntryPoint","urlTemplate":"https:\/\/www.een.sk\/?s={search_term_string}"},"query-input":{"@type":"PropertyValueSpecification","valueRequired":true,"valueName":"search_term_string"}}],"inLanguage":"en-GB"},{"@type":"Organization","@id":"https:\/\/www.een.sk\/#organization","name":"Enterprise Europe Network","url":"https:\/\/www.een.sk\/","logo":{"@type":"ImageObject","inLanguage":"en-GB","@id":"https:\/\/www.een.sk\/#\/schema\/logo\/image\/","url":"https:\/\/www.een.sk\/wp-content\/uploads\/2025\/10\/EEN.png","contentUrl":"https:\/\/www.een.sk\/wp-content\/uploads\/2025\/10\/EEN.png","width":851,"height":300,"caption":"Enterprise Europe Network"},"image":{"@id":"https:\/\/www.een.sk\/#\/schema\/logo\/image\/"}},{"@type":"Person","@id":"https:\/\/www.een.sk\/#\/schema\/person\/4b12815a6fb9a584bf460e044b2c07d2","name":"IcraInside","image":{"@type":"ImageObject","inLanguage":"en-GB","@id":"https:\/\/www.een.sk\/#\/schema\/person\/image\/","url":"https:\/\/secure.gravatar.com\/avatar\/e5d68c27e8999f1479df6d2a382bb7a2f036270436c04ef7347c69057e627dd0?s=96&d=mm&r=g","contentUrl":"https:\/\/secure.gravatar.com\/avatar\/e5d68c27e8999f1479df6d2a382bb7a2f036270436c04ef7347c69057e627dd0?s=96&d=mm&r=g","caption":"IcraInside"},"sameAs":["https:\/\/www.een.sk"],"url":"https:\/\/www.een.sk\/en\/author\/icrainside"}]}},"jetpack_featured_media_url":"https:\/\/www.een.sk\/wp-content\/uploads\/2025\/10\/euo4b2020-social-media-statique-1200x628-sk-rona.jpg","jetpack_sharing_enabled":true,"_links":{"self":[{"href":"https:\/\/www.een.sk\/en\/wp-json\/wp\/v2\/posts\/801","targetHints":{"allow":["GET"]}}],"collection":[{"href":"https:\/\/www.een.sk\/en\/wp-json\/wp\/v2\/posts"}],"about":[{"href":"https:\/\/www.een.sk\/en\/wp-json\/wp\/v2\/types\/post"}],"author":[{"embeddable":true,"href":"https:\/\/www.een.sk\/en\/wp-json\/wp\/v2\/users\/1"}],"replies":[{"embeddable":true,"href":"https:\/\/www.een.sk\/en\/wp-json\/wp\/v2\/comments?post=801"}],"version-history":[{"count":1,"href":"https:\/\/www.een.sk\/en\/wp-json\/wp\/v2\/posts\/801\/revisions"}],"predecessor-version":[{"id":804,"href":"https:\/\/www.een.sk\/en\/wp-json\/wp\/v2\/posts\/801\/revisions\/804"}],"wp:featuredmedia":[{"embeddable":true,"href":"https:\/\/www.een.sk\/en\/wp-json\/wp\/v2\/media\/802"}],"wp:attachment":[{"href":"https:\/\/www.een.sk\/en\/wp-json\/wp\/v2\/media?parent=801"}],"wp:term":[{"taxonomy":"category","embeddable":true,"href":"https:\/\/www.een.sk\/en\/wp-json\/wp\/v2\/categories?post=801"},{"taxonomy":"post_tag","embeddable":true,"href":"https:\/\/www.een.sk\/en\/wp-json\/wp\/v2\/tags?post=801"}],"curies":[{"name":"wp","href":"https:\/\/api.w.org\/{rel}","templated":true}]}}