{"id":87,"date":"2025-10-01T18:25:50","date_gmt":"2025-10-01T16:25:50","guid":{"rendered":"http:\/\/EEN%20Dev"},"modified":"2025-10-20T00:45:51","modified_gmt":"2025-10-19T22:45:51","slug":"inofest-2025-dva-dni-plne-inovacii","status":"publish","type":"post","link":"https:\/\/www.een.sk\/en\/inofest-2025-dva-dni-plne-inovacii","title":{"rendered":"INOFEST 2025: Dva dni pln\u00e9 inov\u00e1ci\u00ed a in\u0161pir\u00e1cie"},"content":{"rendered":"<p>\u0160iesty ro\u010dn\u00edk festivalu inov\u00e1ci\u00ed INOFEST op\u00e4\u0165 spojil talentovan\u00fdch \u013eud\u00ed a firmy, ktor\u00e9 podporuj\u00fa nov\u00e9 my\u0161lienky.<\/p>\n\n\n\n<p>Po\u010das dvoch dn\u00ed sa v Trnave na Materi\u00e1lovotechnologickej fakulte STU stretlo viac ako 240 \u00fa\u010dastn\u00edkov z r\u00f4znych oblast\u00ed priemyslu, v\u00fdskumu a podnikania.\u00a0Festival priniesol predn\u00e1\u0161ky, workshopy, diskusie aj \u017eiv\u00fd networking, pri\u010dom hlavn\u00e1 pozornos\u0165 sa tento rok s\u00fastredila na bud\u00facnos\u0165 priemyslu a t\u00e9my, ktor\u00e9 h\u00fdbu nielen Slovenskom, ale aj celou Eur\u00f3pou.\u00a0<\/p>\n\n\n\n<figure class=\"wp-block-image size-large\"><img fetchpriority=\"high\" decoding=\"async\" width=\"1024\" height=\"682\" src=\"https:\/\/www.een.sk\/wp-content\/uploads\/2025\/10\/whatsapp_image_2025-09-29_at_09.38.41_0-1024x682.jpeg\" alt=\"\" class=\"wp-image-351\" srcset=\"https:\/\/www.een.sk\/wp-content\/uploads\/2025\/10\/whatsapp_image_2025-09-29_at_09.38.41_0-1024x682.jpeg 1024w, https:\/\/www.een.sk\/wp-content\/uploads\/2025\/10\/whatsapp_image_2025-09-29_at_09.38.41_0-300x200.jpeg 300w, https:\/\/www.een.sk\/wp-content\/uploads\/2025\/10\/whatsapp_image_2025-09-29_at_09.38.41_0-768x512.jpeg 768w, https:\/\/www.een.sk\/wp-content\/uploads\/2025\/10\/whatsapp_image_2025-09-29_at_09.38.41_0-18x12.jpeg 18w, https:\/\/www.een.sk\/wp-content\/uploads\/2025\/10\/whatsapp_image_2025-09-29_at_09.38.41_0.jpeg 1280w\" sizes=\"(max-width: 1024px) 100vw, 1024px\" \/><\/figure>\n\n\n\n<p>Ve\u013ek\u00fd z\u00e1ujem vzbudil aj workshop o grantovom svete, ktor\u00e9ho s\u00fa\u010das\u0165ou bol aj n\u00e1\u0161 kolega Ivan Filus. \u00da\u010dastn\u00edkom spolu s \u010fal\u0161\u00edmi panelistami bli\u017e\u0161ie predstavili tajomstvo grantov, ktor\u00e9 m\u00f4\u017eu by\u0165 \u0161tartovac\u00edm bodom pre inovat\u00edvne firmy s v\u00edziou.&nbsp;<\/p>\n\n\n\n<p>Po\u010das festivalu vl\u00e1dla priate\u013esk\u00e1 a otvoren\u00e1 atmosf\u00e9ra \u2013 od panelov\u00fdch diskusi\u00ed cez neform\u00e1lne rozhovory pri k\u00e1ve a\u017e po ve\u010dern\u00fd program pln\u00fd energie. Z INOFESTu tak neodch\u00e1dzali len nov\u00e9 n\u00e1pady, ale aj pocit, \u017ee Slovensko m\u00e1 siln\u00fd inova\u010dn\u00fd potenci\u00e1l.&nbsp;<\/p>\n\n\n\n<p><strong>Pozrite si aj kr\u00e1tky zostrih atmosf\u00e9ry na festivale inov\u00e1ci\u00ed INOFEST:<\/strong><\/p>\n\n\n\n<figure class=\"wp-block-embed is-type-video is-provider-youtube wp-block-embed-youtube wp-embed-aspect-16-9 wp-has-aspect-ratio\"><div class=\"wp-block-embed__wrapper\">\n<iframe title=\"INOFEST 2025\" width=\"800\" height=\"450\" src=\"https:\/\/www.youtube.com\/embed\/4jdPtwzM58M?feature=oembed\" frameborder=\"0\" allow=\"accelerometer; autoplay; clipboard-write; encrypted-media; gyroscope; picture-in-picture; web-share\" referrerpolicy=\"strict-origin-when-cross-origin\" allowfullscreen><\/iframe>\n<\/div><\/figure>","protected":false},"excerpt":{"rendered":"<p>\u0160iesty ro\u010dn\u00edk festivalu inov\u00e1ci\u00ed INOFEST op\u00e4\u0165 spojil talentovan\u00fdch \u013eud\u00ed a firmy, ktor\u00e9 podporuj\u00fa nov\u00e9 my\u0161lienky. Po\u010das dvoch dn\u00ed sa v Trnave na Materi\u00e1lovotechnologickej fakulte STU stretlo viac ako 240 \u00fa\u010dastn\u00edkov [&hellip;]<\/p>","protected":false},"author":1,"featured_media":352,"comment_status":"closed","ping_status":"closed","sticky":false,"template":"","format":"standard","meta":{"jetpack_post_was_ever_published":false,"_jetpack_newsletter_access":"","_jetpack_dont_email_post_to_subs":false,"_jetpack_newsletter_tier_id":0,"_jetpack_memberships_contains_paywalled_content":false,"_jetpack_memberships_contains_paid_content":false,"footnotes":""},"categories":[16],"tags":[],"class_list":["post-87","post","type-post","status-publish","format-standard","has-post-thumbnail","hentry","category-aktuality"],"yoast_head":"<!-- This site is optimized with the Yoast SEO plugin v26.0 - https:\/\/yoast.com\/wordpress\/plugins\/seo\/ -->\n<title>INOFEST 2025: Dva dni pln\u00e9 inov\u00e1ci\u00ed a in\u0161pir\u00e1cie - Enterprise Europe Network<\/title>\n<meta name=\"robots\" content=\"index, follow, max-snippet:-1, max-image-preview:large, max-video-preview:-1\" \/>\n<link rel=\"canonical\" href=\"https:\/\/www.een.sk\/en\/inofest-2025-dva-dni-plne-inovacii\/\" \/>\n<meta property=\"og:locale\" content=\"en_GB\" \/>\n<meta property=\"og:type\" content=\"article\" \/>\n<meta property=\"og:title\" content=\"INOFEST 2025: Dva dni pln\u00e9 inov\u00e1ci\u00ed a in\u0161pir\u00e1cie - Enterprise Europe Network\" \/>\n<meta property=\"og:description\" content=\"\u0160iesty ro\u010dn\u00edk festivalu inov\u00e1ci\u00ed INOFEST op\u00e4\u0165 spojil talentovan\u00fdch \u013eud\u00ed a firmy, ktor\u00e9 podporuj\u00fa nov\u00e9 my\u0161lienky. Po\u010das dvoch dn\u00ed sa v Trnave na Materi\u00e1lovotechnologickej fakulte STU stretlo viac ako 240 \u00fa\u010dastn\u00edkov [&hellip;]\" \/>\n<meta property=\"og:url\" content=\"https:\/\/www.een.sk\/en\/inofest-2025-dva-dni-plne-inovacii\/\" \/>\n<meta property=\"og:site_name\" content=\"Enterprise Europe Network\" \/>\n<meta property=\"article:published_time\" content=\"2025-10-01T16:25:50+00:00\" \/>\n<meta property=\"article:modified_time\" content=\"2025-10-19T22:45:51+00:00\" \/>\n<meta property=\"og:image\" content=\"https:\/\/www.een.sk\/wp-content\/uploads\/2025\/10\/whatsapp_image_2025-09-29_at_09.37.27_0.jpeg\" \/>\n\t<meta property=\"og:image:width\" content=\"1280\" \/>\n\t<meta property=\"og:image:height\" content=\"853\" \/>\n\t<meta property=\"og:image:type\" content=\"image\/jpeg\" \/>\n<meta name=\"author\" content=\"IcraInside\" \/>\n<meta name=\"twitter:card\" content=\"summary_large_image\" \/>\n<meta name=\"twitter:label1\" content=\"Written by\" \/>\n\t<meta name=\"twitter:data1\" content=\"IcraInside\" \/>\n\t<meta name=\"twitter:label2\" content=\"Estimated reading time\" \/>\n\t<meta name=\"twitter:data2\" content=\"2 minutes\" \/>\n<script type=\"application\/ld+json\" class=\"yoast-schema-graph\">{\"@context\":\"https:\/\/schema.org\",\"@graph\":[{\"@type\":\"Article\",\"@id\":\"https:\/\/www.een.sk\/inofest-2025-dva-dni-plne-inovacii#article\",\"isPartOf\":{\"@id\":\"https:\/\/www.een.sk\/inofest-2025-dva-dni-plne-inovacii\"},\"author\":{\"name\":\"IcraInside\",\"@id\":\"https:\/\/www.een.sk\/#\/schema\/person\/4b12815a6fb9a584bf460e044b2c07d2\"},\"headline\":\"INOFEST 2025: Dva dni pln\u00e9 inov\u00e1ci\u00ed a in\u0161pir\u00e1cie\",\"datePublished\":\"2025-10-01T16:25:50+00:00\",\"dateModified\":\"2025-10-19T22:45:51+00:00\",\"mainEntityOfPage\":{\"@id\":\"https:\/\/www.een.sk\/inofest-2025-dva-dni-plne-inovacii\"},\"wordCount\":210,\"publisher\":{\"@id\":\"https:\/\/www.een.sk\/#organization\"},\"image\":{\"@id\":\"https:\/\/www.een.sk\/inofest-2025-dva-dni-plne-inovacii#primaryimage\"},\"thumbnailUrl\":\"https:\/\/www.een.sk\/wp-content\/uploads\/2025\/10\/whatsapp_image_2025-09-29_at_09.37.27_0.jpeg\",\"articleSection\":[\"Aktuality\"],\"inLanguage\":\"en-GB\"},{\"@type\":\"WebPage\",\"@id\":\"https:\/\/www.een.sk\/inofest-2025-dva-dni-plne-inovacii\",\"url\":\"https:\/\/www.een.sk\/inofest-2025-dva-dni-plne-inovacii\",\"name\":\"INOFEST 2025: Dva dni pln\u00e9 inov\u00e1ci\u00ed a in\u0161pir\u00e1cie - Enterprise Europe Network\",\"isPartOf\":{\"@id\":\"https:\/\/www.een.sk\/#website\"},\"primaryImageOfPage\":{\"@id\":\"https:\/\/www.een.sk\/inofest-2025-dva-dni-plne-inovacii#primaryimage\"},\"image\":{\"@id\":\"https:\/\/www.een.sk\/inofest-2025-dva-dni-plne-inovacii#primaryimage\"},\"thumbnailUrl\":\"https:\/\/www.een.sk\/wp-content\/uploads\/2025\/10\/whatsapp_image_2025-09-29_at_09.37.27_0.jpeg\",\"datePublished\":\"2025-10-01T16:25:50+00:00\",\"dateModified\":\"2025-10-19T22:45:51+00:00\",\"breadcrumb\":{\"@id\":\"https:\/\/www.een.sk\/inofest-2025-dva-dni-plne-inovacii#breadcrumb\"},\"inLanguage\":\"en-GB\",\"potentialAction\":[{\"@type\":\"ReadAction\",\"target\":[\"https:\/\/www.een.sk\/inofest-2025-dva-dni-plne-inovacii\"]}]},{\"@type\":\"ImageObject\",\"inLanguage\":\"en-GB\",\"@id\":\"https:\/\/www.een.sk\/inofest-2025-dva-dni-plne-inovacii#primaryimage\",\"url\":\"https:\/\/www.een.sk\/wp-content\/uploads\/2025\/10\/whatsapp_image_2025-09-29_at_09.37.27_0.jpeg\",\"contentUrl\":\"https:\/\/www.een.sk\/wp-content\/uploads\/2025\/10\/whatsapp_image_2025-09-29_at_09.37.27_0.jpeg\",\"width\":1280,\"height\":853},{\"@type\":\"BreadcrumbList\",\"@id\":\"https:\/\/www.een.sk\/inofest-2025-dva-dni-plne-inovacii#breadcrumb\",\"itemListElement\":[{\"@type\":\"ListItem\",\"position\":1,\"name\":\"Domovsk\u00e1 str\u00e1nka\",\"item\":\"https:\/\/www.een.sk\/\"},{\"@type\":\"ListItem\",\"position\":2,\"name\":\"INOFEST 2025: Dva dni pln\u00e9 inov\u00e1ci\u00ed a in\u0161pir\u00e1cie\"}]},{\"@type\":\"WebSite\",\"@id\":\"https:\/\/www.een.sk\/#website\",\"url\":\"https:\/\/www.een.sk\/\",\"name\":\"Enterprise Europe Network\",\"description\":\"Pom\u00e1hame V\u00e1m inovova\u0165 a medzin\u00e1rodne r\u00e1s\u0165\",\"publisher\":{\"@id\":\"https:\/\/www.een.sk\/#organization\"},\"potentialAction\":[{\"@type\":\"SearchAction\",\"target\":{\"@type\":\"EntryPoint\",\"urlTemplate\":\"https:\/\/www.een.sk\/?s={search_term_string}\"},\"query-input\":{\"@type\":\"PropertyValueSpecification\",\"valueRequired\":true,\"valueName\":\"search_term_string\"}}],\"inLanguage\":\"en-GB\"},{\"@type\":\"Organization\",\"@id\":\"https:\/\/www.een.sk\/#organization\",\"name\":\"Enterprise Europe Network\",\"url\":\"https:\/\/www.een.sk\/\",\"logo\":{\"@type\":\"ImageObject\",\"inLanguage\":\"en-GB\",\"@id\":\"https:\/\/www.een.sk\/#\/schema\/logo\/image\/\",\"url\":\"https:\/\/www.een.sk\/wp-content\/uploads\/2025\/10\/EEN.png\",\"contentUrl\":\"https:\/\/www.een.sk\/wp-content\/uploads\/2025\/10\/EEN.png\",\"width\":851,\"height\":300,\"caption\":\"Enterprise Europe Network\"},\"image\":{\"@id\":\"https:\/\/www.een.sk\/#\/schema\/logo\/image\/\"}},{\"@type\":\"Person\",\"@id\":\"https:\/\/www.een.sk\/#\/schema\/person\/4b12815a6fb9a584bf460e044b2c07d2\",\"name\":\"IcraInside\",\"image\":{\"@type\":\"ImageObject\",\"inLanguage\":\"en-GB\",\"@id\":\"https:\/\/www.een.sk\/#\/schema\/person\/image\/\",\"url\":\"https:\/\/secure.gravatar.com\/avatar\/e5d68c27e8999f1479df6d2a382bb7a2f036270436c04ef7347c69057e627dd0?s=96&d=mm&r=g\",\"contentUrl\":\"https:\/\/secure.gravatar.com\/avatar\/e5d68c27e8999f1479df6d2a382bb7a2f036270436c04ef7347c69057e627dd0?s=96&d=mm&r=g\",\"caption\":\"IcraInside\"},\"sameAs\":[\"https:\/\/www.een.sk\"],\"url\":\"https:\/\/www.een.sk\/en\/author\/icrainside\"}]}<\/script>\n<!-- \/ Yoast SEO plugin. -->","yoast_head_json":{"title":"INOFEST 2025: Dva dni pln\u00e9 inov\u00e1ci\u00ed a in\u0161pir\u00e1cie - Enterprise Europe Network","robots":{"index":"index","follow":"follow","max-snippet":"max-snippet:-1","max-image-preview":"max-image-preview:large","max-video-preview":"max-video-preview:-1"},"canonical":"https:\/\/www.een.sk\/en\/inofest-2025-dva-dni-plne-inovacii\/","og_locale":"en_GB","og_type":"article","og_title":"INOFEST 2025: Dva dni pln\u00e9 inov\u00e1ci\u00ed a in\u0161pir\u00e1cie - Enterprise Europe Network","og_description":"\u0160iesty ro\u010dn\u00edk festivalu inov\u00e1ci\u00ed INOFEST op\u00e4\u0165 spojil talentovan\u00fdch \u013eud\u00ed a firmy, ktor\u00e9 podporuj\u00fa nov\u00e9 my\u0161lienky. Po\u010das dvoch dn\u00ed sa v Trnave na Materi\u00e1lovotechnologickej fakulte STU stretlo viac ako 240 \u00fa\u010dastn\u00edkov [&hellip;]","og_url":"https:\/\/www.een.sk\/en\/inofest-2025-dva-dni-plne-inovacii\/","og_site_name":"Enterprise Europe Network","article_published_time":"2025-10-01T16:25:50+00:00","article_modified_time":"2025-10-19T22:45:51+00:00","og_image":[{"width":1280,"height":853,"url":"https:\/\/www.een.sk\/wp-content\/uploads\/2025\/10\/whatsapp_image_2025-09-29_at_09.37.27_0.jpeg","type":"image\/jpeg"}],"author":"IcraInside","twitter_card":"summary_large_image","twitter_misc":{"Written by":"IcraInside","Estimated reading time":"2 minutes"},"schema":{"@context":"https:\/\/schema.org","@graph":[{"@type":"Article","@id":"https:\/\/www.een.sk\/inofest-2025-dva-dni-plne-inovacii#article","isPartOf":{"@id":"https:\/\/www.een.sk\/inofest-2025-dva-dni-plne-inovacii"},"author":{"name":"IcraInside","@id":"https:\/\/www.een.sk\/#\/schema\/person\/4b12815a6fb9a584bf460e044b2c07d2"},"headline":"INOFEST 2025: Dva dni pln\u00e9 inov\u00e1ci\u00ed a in\u0161pir\u00e1cie","datePublished":"2025-10-01T16:25:50+00:00","dateModified":"2025-10-19T22:45:51+00:00","mainEntityOfPage":{"@id":"https:\/\/www.een.sk\/inofest-2025-dva-dni-plne-inovacii"},"wordCount":210,"publisher":{"@id":"https:\/\/www.een.sk\/#organization"},"image":{"@id":"https:\/\/www.een.sk\/inofest-2025-dva-dni-plne-inovacii#primaryimage"},"thumbnailUrl":"https:\/\/www.een.sk\/wp-content\/uploads\/2025\/10\/whatsapp_image_2025-09-29_at_09.37.27_0.jpeg","articleSection":["Aktuality"],"inLanguage":"en-GB"},{"@type":"WebPage","@id":"https:\/\/www.een.sk\/inofest-2025-dva-dni-plne-inovacii","url":"https:\/\/www.een.sk\/inofest-2025-dva-dni-plne-inovacii","name":"INOFEST 2025: Dva dni pln\u00e9 inov\u00e1ci\u00ed a in\u0161pir\u00e1cie - Enterprise Europe Network","isPartOf":{"@id":"https:\/\/www.een.sk\/#website"},"primaryImageOfPage":{"@id":"https:\/\/www.een.sk\/inofest-2025-dva-dni-plne-inovacii#primaryimage"},"image":{"@id":"https:\/\/www.een.sk\/inofest-2025-dva-dni-plne-inovacii#primaryimage"},"thumbnailUrl":"https:\/\/www.een.sk\/wp-content\/uploads\/2025\/10\/whatsapp_image_2025-09-29_at_09.37.27_0.jpeg","datePublished":"2025-10-01T16:25:50+00:00","dateModified":"2025-10-19T22:45:51+00:00","breadcrumb":{"@id":"https:\/\/www.een.sk\/inofest-2025-dva-dni-plne-inovacii#breadcrumb"},"inLanguage":"en-GB","potentialAction":[{"@type":"ReadAction","target":["https:\/\/www.een.sk\/inofest-2025-dva-dni-plne-inovacii"]}]},{"@type":"ImageObject","inLanguage":"en-GB","@id":"https:\/\/www.een.sk\/inofest-2025-dva-dni-plne-inovacii#primaryimage","url":"https:\/\/www.een.sk\/wp-content\/uploads\/2025\/10\/whatsapp_image_2025-09-29_at_09.37.27_0.jpeg","contentUrl":"https:\/\/www.een.sk\/wp-content\/uploads\/2025\/10\/whatsapp_image_2025-09-29_at_09.37.27_0.jpeg","width":1280,"height":853},{"@type":"BreadcrumbList","@id":"https:\/\/www.een.sk\/inofest-2025-dva-dni-plne-inovacii#breadcrumb","itemListElement":[{"@type":"ListItem","position":1,"name":"Domovsk\u00e1 str\u00e1nka","item":"https:\/\/www.een.sk\/"},{"@type":"ListItem","position":2,"name":"INOFEST 2025: Dva dni pln\u00e9 inov\u00e1ci\u00ed a in\u0161pir\u00e1cie"}]},{"@type":"WebSite","@id":"https:\/\/www.een.sk\/#website","url":"https:\/\/www.een.sk\/","name":"Enterprise Europe Network","description":"Pom\u00e1hame V\u00e1m inovova\u0165 a medzin\u00e1rodne r\u00e1s\u0165","publisher":{"@id":"https:\/\/www.een.sk\/#organization"},"potentialAction":[{"@type":"SearchAction","target":{"@type":"EntryPoint","urlTemplate":"https:\/\/www.een.sk\/?s={search_term_string}"},"query-input":{"@type":"PropertyValueSpecification","valueRequired":true,"valueName":"search_term_string"}}],"inLanguage":"en-GB"},{"@type":"Organization","@id":"https:\/\/www.een.sk\/#organization","name":"Enterprise Europe Network","url":"https:\/\/www.een.sk\/","logo":{"@type":"ImageObject","inLanguage":"en-GB","@id":"https:\/\/www.een.sk\/#\/schema\/logo\/image\/","url":"https:\/\/www.een.sk\/wp-content\/uploads\/2025\/10\/EEN.png","contentUrl":"https:\/\/www.een.sk\/wp-content\/uploads\/2025\/10\/EEN.png","width":851,"height":300,"caption":"Enterprise Europe Network"},"image":{"@id":"https:\/\/www.een.sk\/#\/schema\/logo\/image\/"}},{"@type":"Person","@id":"https:\/\/www.een.sk\/#\/schema\/person\/4b12815a6fb9a584bf460e044b2c07d2","name":"IcraInside","image":{"@type":"ImageObject","inLanguage":"en-GB","@id":"https:\/\/www.een.sk\/#\/schema\/person\/image\/","url":"https:\/\/secure.gravatar.com\/avatar\/e5d68c27e8999f1479df6d2a382bb7a2f036270436c04ef7347c69057e627dd0?s=96&d=mm&r=g","contentUrl":"https:\/\/secure.gravatar.com\/avatar\/e5d68c27e8999f1479df6d2a382bb7a2f036270436c04ef7347c69057e627dd0?s=96&d=mm&r=g","caption":"IcraInside"},"sameAs":["https:\/\/www.een.sk"],"url":"https:\/\/www.een.sk\/en\/author\/icrainside"}]}},"jetpack_featured_media_url":"https:\/\/www.een.sk\/wp-content\/uploads\/2025\/10\/whatsapp_image_2025-09-29_at_09.37.27_0.jpeg","jetpack_sharing_enabled":true,"_links":{"self":[{"href":"https:\/\/www.een.sk\/en\/wp-json\/wp\/v2\/posts\/87","targetHints":{"allow":["GET"]}}],"collection":[{"href":"https:\/\/www.een.sk\/en\/wp-json\/wp\/v2\/posts"}],"about":[{"href":"https:\/\/www.een.sk\/en\/wp-json\/wp\/v2\/types\/post"}],"author":[{"embeddable":true,"href":"https:\/\/www.een.sk\/en\/wp-json\/wp\/v2\/users\/1"}],"replies":[{"embeddable":true,"href":"https:\/\/www.een.sk\/en\/wp-json\/wp\/v2\/comments?post=87"}],"version-history":[{"count":5,"href":"https:\/\/www.een.sk\/en\/wp-json\/wp\/v2\/posts\/87\/revisions"}],"predecessor-version":[{"id":370,"href":"https:\/\/www.een.sk\/en\/wp-json\/wp\/v2\/posts\/87\/revisions\/370"}],"wp:featuredmedia":[{"embeddable":true,"href":"https:\/\/www.een.sk\/en\/wp-json\/wp\/v2\/media\/352"}],"wp:attachment":[{"href":"https:\/\/www.een.sk\/en\/wp-json\/wp\/v2\/media?parent=87"}],"wp:term":[{"taxonomy":"category","embeddable":true,"href":"https:\/\/www.een.sk\/en\/wp-json\/wp\/v2\/categories?post=87"},{"taxonomy":"post_tag","embeddable":true,"href":"https:\/\/www.een.sk\/en\/wp-json\/wp\/v2\/tags?post=87"}],"curies":[{"name":"wp","href":"https:\/\/api.w.org\/{rel}","templated":true}]}}